{"id":89,"date":"2019-04-02T10:47:08","date_gmt":"2019-04-02T08:47:08","guid":{"rendered":"https:\/\/gruene.patrick-kloth.de\/?p=89"},"modified":"2019-08-05T10:18:45","modified_gmt":"2019-08-05T08:18:45","slug":"europawahl-2019-katrin-langensiepen-in-syke","status":"publish","type":"post","link":"https:\/\/www.gruene-syke.de\/?p=89","title":{"rendered":"Europawahl 2019: Katrin Langensiepen in Syke"},"content":{"rendered":"\n<p>Am 26. Mai wird in Europa gew\u00e4hlt. F\u00fcr DIE GR\u00dcNEN  tritt auf Listenlatz 9 Katrin Langensiepen an. Am Montag, 1. April, war  die Kandidatin f\u00fcr das EU-Parlament in Syke zu Gast. Im Gleis 1 im  Bahnhofsgeb\u00e4ude stellte sich die 39-J\u00e4hrige vor. Ihre politischen  Schwerpunkte standen auch in Syke im Mittelpunkt: \u201eIch werde mich um  sozialpolitische Themen und um Gleichstellung k\u00fcmmern.\u201c  <\/p>\n\n\n\n<div class=\"wp-block-image\"><figure class=\"aligncenter\"><img decoding=\"async\" src=\"http:\/\/gruene-syke.de\/wp-content\/uploads\/2019\/07\/langensiepen02-400x269.jpg\" alt=\"\" class=\"wp-image-91\"\/><figcaption>Zu Besuch beim Westfl\u00fcgel.<\/figcaption><\/figure><\/div>\n\n\n\n<p><br>Bereits am Nachmittag hatte Katrin den Syker  Westfl\u00fcgel besucht und dort sowohl mit Bewohnern als auch den  Mitarbeitern des Wohnprojekts an der Grenze Sykes gesprochen. &#8222;Mit  Menschen mit Behinderungen reden und entscheiden, nicht \u00fcber sie&#8220;,  lautet der Grundsatz von Katrins Arbeit beim Thema Inklusion. &#8222;Mir wurde  immer gesagt, ich bekomme keinen Job, ich werde nirgendwo gebraucht. Da  habe ich mir gedacht: Dann habe ich ja alle Freiheiten, also sollte ich  sie einfach nutzen!&#8220; <\/p>\n\n\n\n<div class=\"wp-block-image\"><figure class=\"aligncenter\"><img decoding=\"async\" src=\"http:\/\/gruene-syke.de\/wp-content\/uploads\/2019\/07\/willi01-400x267.jpg\" alt=\"\" class=\"wp-image-92\"\/><figcaption>Willi Gr\u00fcn hat eine klare Meinung zu Europa.<\/figcaption><\/figure><\/div>\n\n\n\n<p><br>Vervollst\u00e4ndigt wurde der Tag mit Katrin von Willi  Gr\u00fcn. Der wortgewandte Senior hat such auf den Weg gemacht nach Europa  und stellte sich in Syke solidarisch an die Seite der  #FridaysForFuture-Bewegung. Mit Humor und Schlagfertigkeit leitete er  den Abend mit Katrin ein.<\/p>\n","protected":false},"excerpt":{"rendered":"<p>Am 26. Mai wird in Europa gew\u00e4hlt. F\u00fcr DIE GR\u00dcNEN tritt auf Listenlatz 9 Katrin Langensiepen an. Am Montag, 1. April, war die Kandidatin f\u00fcr das EU-Parlament in Syke zu [&hellip;]<\/p>\n","protected":false},"author":-1,"featured_media":90,"comment_status":"open","ping_status":"open","sticky":false,"template":"","format":"standard","meta":{"footnotes":""},"categories":[3],"tags":[11,15],"class_list":["post-89","post","type-post","status-publish","format-standard","has-post-thumbnail","hentry","category-gruen-vor-ort","tag-europa","tag-syke"],"_links":{"self":[{"href":"https:\/\/www.gruene-syke.de\/index.php?rest_route=\/wp\/v2\/posts\/89","targetHints":{"allow":["GET"]}}],"collection":[{"href":"https:\/\/www.gruene-syke.de\/index.php?rest_route=\/wp\/v2\/posts"}],"about":[{"href":"https:\/\/www.gruene-syke.de\/index.php?rest_route=\/wp\/v2\/types\/post"}],"author":[{"embeddable":true,"href":"https:\/\/www.gruene-syke.de\/index.php?rest_route=\/wp\/v2\/users\/3"}],"replies":[{"embeddable":true,"href":"https:\/\/www.gruene-syke.de\/index.php?rest_route=%2Fwp%2Fv2%2Fcomments&post=89"}],"version-history":[{"count":1,"href":"https:\/\/www.gruene-syke.de\/index.php?rest_route=\/wp\/v2\/posts\/89\/revisions"}],"predecessor-version":[{"id":277,"href":"https:\/\/www.gruene-syke.de\/index.php?rest_route=\/wp\/v2\/posts\/89\/revisions\/277"}],"wp:featuredmedia":[{"embeddable":true,"href":"https:\/\/www.gruene-syke.de\/index.php?rest_route=\/wp\/v2\/media\/90"}],"wp:attachment":[{"href":"https:\/\/www.gruene-syke.de\/index.php?rest_route=%2Fwp%2Fv2%2Fmedia&parent=89"}],"wp:term":[{"taxonomy":"category","embeddable":true,"href":"https:\/\/www.gruene-syke.de\/index.php?rest_route=%2Fwp%2Fv2%2Fcategories&post=89"},{"taxonomy":"post_tag","embeddable":true,"href":"https:\/\/www.gruene-syke.de\/index.php?rest_route=%2Fwp%2Fv2%2Ftags&post=89"}],"curies":[{"name":"wp","href":"https:\/\/api.w.org\/{rel}","templated":true}]}}