{"id":851,"date":"2020-07-15T11:14:00","date_gmt":"2020-07-15T09:14:00","guid":{"rendered":"https:\/\/www.gruene-syke.de\/?p=851"},"modified":"2020-07-16T13:17:54","modified_gmt":"2020-07-16T11:17:54","slug":"laeuft-volksbegehren-artenvielfalt-jetzt","status":"publish","type":"post","link":"https:\/\/www.gruene-syke.de\/?p=851","title":{"rendered":"L\u00e4uft: Volksbegehren Artenvielfalt. Jetzt!"},"content":{"rendered":"\n<p>Die Unterschriftensammlung zum Volksbegehren f\u00fcr den Schutz der Artenvielfalt in Niedersachsen l\u00e4uft. Am Donnerstag, 16. Juli, \u00fcberreichte die hiesige Initiative unter Beteiligung der Gr\u00fcnen Syke, des Klima-Aktions-B\u00fcndnisses Bassum, Syke und Twistringen und der Attac Regionalgruppe Diepholz-Nord bereits die ersten gef\u00fcllten Unterschriftenlisten an Thomas Kuchem, den Ersten Stadtrat der Stadt Syke.<\/p>\n\n\n\n<p>Die Unterschriftensammlung geht weiter, sowohl mit \u00f6ffentlichen Infost\u00e4nden als auch im privaten Umfeld.<\/p>\n\n\n\n<p>Schon am Freitag, 17.07.2020, soll es von 10 bis 12 Uhr beim Aleco-Markt an der Herrlichkeit in Syke ein weiteres Informationsangebot mit der M\u00f6glichkeit zum Unterschreiben geben.<\/p>\n\n\n\n<p>Wer unterschreiben m\u00f6chte oder eine Unterschriftenliste braucht, um im pers\u00f6nlichen Umfeld Unterschriften zu sammeln, kann sich gern bei uns unter <a rel=\"noreferrer noopener\" href=\"#\" data-unscramble=\"ed.ekys-eneurg@ofni\" target=\"_blank\">info@gruene-syke.de<\/a> melden.<\/p>\n\n\n\n<p>Zur <a rel=\"noreferrer noopener\" href=\"https:\/\/www.artenvielfalt-niedersachsen.jetzt\/\" target=\"_blank\">Website des Volksbegehrens<\/a> geht es hier.<\/p>\n\n\n\n<p>Mehr <a href=\"https:\/\/www.gruene-syke.de\/?p=778\" target=\"_blank\" rel=\"noreferrer noopener\">Informationen zum Ablauf des Verfahrens<\/a> gibt es hier.<\/p>\n","protected":false},"excerpt":{"rendered":"<p>Die Unterschriftensammlung zum Volksbegehren f\u00fcr den Schutz der Artenvielfalt in Niedersachsen l\u00e4uft. Am Donnerstag, 16. Juli, \u00fcberreichte die hiesige Initiative unter Beteiligung der Gr\u00fcnen Syke, des Klima-Aktions-B\u00fcndnisses Bassum, Syke und [&hellip;]<\/p>\n","protected":false},"author":-1,"featured_media":857,"comment_status":"open","ping_status":"open","sticky":false,"template":"","format":"standard","meta":{"footnotes":""},"categories":[3],"tags":[46,49],"class_list":["post-851","post","type-post","status-publish","format-standard","has-post-thumbnail","hentry","category-gruen-vor-ort","tag-artenschutz","tag-volksbegehren"],"_links":{"self":[{"href":"https:\/\/www.gruene-syke.de\/index.php?rest_route=\/wp\/v2\/posts\/851","targetHints":{"allow":["GET"]}}],"collection":[{"href":"https:\/\/www.gruene-syke.de\/index.php?rest_route=\/wp\/v2\/posts"}],"about":[{"href":"https:\/\/www.gruene-syke.de\/index.php?rest_route=\/wp\/v2\/types\/post"}],"author":[{"embeddable":true,"href":"https:\/\/www.gruene-syke.de\/index.php?rest_route=\/wp\/v2\/users\/9"}],"replies":[{"embeddable":true,"href":"https:\/\/www.gruene-syke.de\/index.php?rest_route=%2Fwp%2Fv2%2Fcomments&post=851"}],"version-history":[{"count":5,"href":"https:\/\/www.gruene-syke.de\/index.php?rest_route=\/wp\/v2\/posts\/851\/revisions"}],"predecessor-version":[{"id":859,"href":"https:\/\/www.gruene-syke.de\/index.php?rest_route=\/wp\/v2\/posts\/851\/revisions\/859"}],"wp:featuredmedia":[{"embeddable":true,"href":"https:\/\/www.gruene-syke.de\/index.php?rest_route=\/wp\/v2\/media\/857"}],"wp:attachment":[{"href":"https:\/\/www.gruene-syke.de\/index.php?rest_route=%2Fwp%2Fv2%2Fmedia&parent=851"}],"wp:term":[{"taxonomy":"category","embeddable":true,"href":"https:\/\/www.gruene-syke.de\/index.php?rest_route=%2Fwp%2Fv2%2Fcategories&post=851"},{"taxonomy":"post_tag","embeddable":true,"href":"https:\/\/www.gruene-syke.de\/index.php?rest_route=%2Fwp%2Fv2%2Ftags&post=851"}],"curies":[{"name":"wp","href":"https:\/\/api.w.org\/{rel}","templated":true}]}}