{"id":612,"date":"2020-01-06T11:18:51","date_gmt":"2020-01-06T10:18:51","guid":{"rendered":"https:\/\/www.gruene-syke.de\/?p=612"},"modified":"2020-01-06T11:23:56","modified_gmt":"2020-01-06T10:23:56","slug":"gruene-neujahrswanderung-2020","status":"publish","type":"post","link":"https:\/\/www.gruene-syke.de\/?p=612","title":{"rendered":"Gr\u00fcne Neujahrswanderung 2020"},"content":{"rendered":"\n<p>Fast 40 Teilnehmer*innen waren am 5. Januar 2020 der Einladung des Gr\u00fcnen Ortsverbands Syke zur allj\u00e4hrlichen Neujahrswanderung gefolgt.<\/p>\n\n\n\n<p>Mit der Syker G\u00e4stef\u00fchrerin Anni W\u00f6hler-Pajenkamp ging es vom Rathaus am Moorgraben entlang und dann auf den Hoyaer Berg zur Kleingartenanlage Friedeholz e.V. Dort konnten wir auf der Parzelle des Syker Kneipp-Vereins nicht nur die ruhige Idylle und den sch\u00f6nen Blick \u00fcber Syke genie\u00dfen, sondern bekamen auch hei\u00dfen Apfelsaft aus heimischen \u00c4pfeln ausgeschenkt.<\/p>\n\n\n\n<p>\u00dcber die Alte Poststra\u00dfe (die einstige Route der Postkutschen von Nienburg \u00fcber Syke nach Bremen) gelangten wir zum Kinder- und Jugendhospiz L\u00f6wenherz, das nach dem unvergesslichen Kinderbuch von Astrid Lindgren benannt ist.<\/p>\n\n\n\n<p>Dann f\u00fchrte der Weg durch das Friedeholz und die Wiesenstra\u00dfe zur\u00fcck zum Ausgangspunkt.<\/p>\n\n\n\n<p>Unterwegs gab es immer wieder interessante Informationen zur Syker Geschichte und Natur, z.B. \u00fcber die 1790 gegr\u00fcndete Kolonie Syke, die erst 1897 mit dem Flecken Syke vereinigt wurde, \u00fcber die Vegetation am Wegesrand und die verschiedenen Baumarten im Friedeholz. <\/p>\n\n\n\n<p>Im Spieker der Alten Posthalterei fand der Nachmittag bei Kaffee, Kuchen und angeregter Unterhaltung seinen angenehmen Ausklang.<\/p>\n\n\n\n<p>Herzlichen Dank an Anni f\u00fcr ihre immer wieder sch\u00f6nen und informativen Exkursionen in die weniger bekannten Ecken von Syke. Wir freuen uns, dass so viele Interessierte mit uns ins Neue Jahr gewandert sind, und w\u00fcnschen allen viel Gl\u00fcck und Gesundheit f\u00fcr 2020.  <\/p>\n","protected":false},"excerpt":{"rendered":"<p>Fast 40 Teilnehmer*innen waren am 5. Januar 2020 der Einladung des Gr\u00fcnen Ortsverbands Syke zur allj\u00e4hrlichen Neujahrswanderung gefolgt. Mit der Syker G\u00e4stef\u00fchrerin Anni W\u00f6hler-Pajenkamp ging es vom Rathaus am Moorgraben [&hellip;]<\/p>\n","protected":false},"author":-1,"featured_media":611,"comment_status":"open","ping_status":"open","sticky":false,"template":"","format":"standard","meta":{"footnotes":""},"categories":[3],"tags":[],"class_list":["post-612","post","type-post","status-publish","format-standard","has-post-thumbnail","hentry","category-gruen-vor-ort"],"_links":{"self":[{"href":"https:\/\/www.gruene-syke.de\/index.php?rest_route=\/wp\/v2\/posts\/612","targetHints":{"allow":["GET"]}}],"collection":[{"href":"https:\/\/www.gruene-syke.de\/index.php?rest_route=\/wp\/v2\/posts"}],"about":[{"href":"https:\/\/www.gruene-syke.de\/index.php?rest_route=\/wp\/v2\/types\/post"}],"author":[{"embeddable":true,"href":"https:\/\/www.gruene-syke.de\/index.php?rest_route=\/wp\/v2\/users\/9"}],"replies":[{"embeddable":true,"href":"https:\/\/www.gruene-syke.de\/index.php?rest_route=%2Fwp%2Fv2%2Fcomments&post=612"}],"version-history":[{"count":9,"href":"https:\/\/www.gruene-syke.de\/index.php?rest_route=\/wp\/v2\/posts\/612\/revisions"}],"predecessor-version":[{"id":621,"href":"https:\/\/www.gruene-syke.de\/index.php?rest_route=\/wp\/v2\/posts\/612\/revisions\/621"}],"wp:featuredmedia":[{"embeddable":true,"href":"https:\/\/www.gruene-syke.de\/index.php?rest_route=\/wp\/v2\/media\/611"}],"wp:attachment":[{"href":"https:\/\/www.gruene-syke.de\/index.php?rest_route=%2Fwp%2Fv2%2Fmedia&parent=612"}],"wp:term":[{"taxonomy":"category","embeddable":true,"href":"https:\/\/www.gruene-syke.de\/index.php?rest_route=%2Fwp%2Fv2%2Fcategories&post=612"},{"taxonomy":"post_tag","embeddable":true,"href":"https:\/\/www.gruene-syke.de\/index.php?rest_route=%2Fwp%2Fv2%2Ftags&post=612"}],"curies":[{"name":"wp","href":"https:\/\/api.w.org\/{rel}","templated":true}]}}