{"id":45,"date":"2022-07-13T05:15:00","date_gmt":"2022-07-13T03:15:00","guid":{"rendered":"https:\/\/gruene.patrick-kloth.de\/?p=45"},"modified":"2022-07-31T16:49:46","modified_gmt":"2022-07-31T14:49:46","slug":"unser-standpunkt-zum-thema-windenergie-in-syke","status":"publish","type":"post","link":"https:\/\/www.gruene-syke.de\/?p=45","title":{"rendered":"Unser Standpunkt zum Thema Windenergie in Syke"},"content":{"rendered":"\n<p><strong>Update: <\/strong>Die unten beschriebene Grundsatzdebatte unseres Ortsverbands fand im Juni 2019 statt. Inzwischen (Stand Juli 2022) ist in Syke das Verfahren zur Festlegung neuer Windkraftzonen in vollem Gang. <\/p>\n\n\n\n<p>Die \u00c4nderung des Fl\u00e4chennutzungsplans zur zuk\u00fcnftigen Windkraftnutzung <a href=\"https:\/\/www.syke.de\/allris\/vo020.asp?VOLFDNR=4604\">(alle Infos dazu hier)<\/a> geht jetzt in die n\u00e4chste Phase: Die <a href=\"https:\/\/www.syke.de\/portal\/bekanntmachungen\/30-aenderung-des-flaechennutzungsplanes-900001932-21800.html?rubrik=6000022\">Auslegung vom 25.07. bis 31.08.2022<\/a>, bei der die \u00d6ffentlichkeit nochmals Gelegenheit erh\u00e4lt, etwaige Einw\u00e4nde und Bedenken vorzubringen. Der derzeitige Entwurf mit vier Windkraft-Zonen (N\u00f6rdlich von Ristedt, Nord\u00f6stlich von Okel, Westlich von Okel und Nord\u00f6stlich von Wachendorf) stellt in unseren Augen einen gangbaren Kompromiss zwischen den Aspekten Klimaschutz und Artenschutz dar. Stellenweise w\u00fcrden wir uns mehr Abstand vom Wald (westlich von Okel und n\u00f6rdlich von Ristedt) und von Naturschutzgebieten (nord\u00f6stlich von Wachendorf) w\u00fcnschen. Es ist aber wichtig und gut, dass es mit dem Verfahren endlich weitergeht, um die klimaschonende Energieversorgung voranzubringen.<\/p>\n\n\n\n<div style=\"height:50px\" aria-hidden=\"true\" class=\"wp-block-spacer\"><\/div>\n\n\n\n<p><strong>Stand Juni 2019:<\/strong><br>Aufgrund <a rel=\"noreferrer noopener\" href=\"https:\/\/www.kreiszeitung.de\/lokales\/diepholz\/syke-ort44535\/gruene-stimmen-gegen-windkraft-12361642.html\" target=\"_blank\">aktueller Irritationen in der Lokalpresse<\/a>  teilen wir hiermit als gr\u00fcner Ortsverband (OV) von B\u00fcndnis 90\/Gr\u00fcne  unsere Position zum Thema regenerative Energie und Naturschutz mit. Der  Text ist infolge der Berichterstattung im Rahmen unserer j\u00fcngsten  Verbandssitzung entstanden und spiegelt den dabei gefundenen Konsens  aller anwesenden OV-Mitglieder wider: <\/p>\n\n\n\n<p>Die Gr\u00fcnen in Syke sind grunds\u00e4tzlich f\u00fcr einen \nmoderaten, \u00f6kologisch und sozial vertr\u00e4glichen Ausbau der Windenergie. \nDabei sind Natur- und Landschaftsschutzbelange ebenso zu ber\u00fccksichtigen\n wie eine Einbeziehung alternativer Formen nachhaltiger Energiegewinnung\n (insbesondere Solarenergie). Au\u00dferdem sollten aber auch M\u00f6glichkeiten \nzur Energieeinsparung viel intensiver gepr\u00fcft und genutzt werden. \n<\/p>\n\n\n\n<p> Bei der Windenergie sollte es vorrangig um das  Repowering &#8211; das Ersetzen alter Kraftwerksteile zur wirkungsvolleren  Stromerzeugung durch neue Anlagenteile &#8211;&nbsp;gehen. Dies gilt aufgrund der  begrenzten Standortfl\u00e4chen insbesondere f\u00fcr die Region Syke. Allerdings  ist auch zu pr\u00fcfen, ob bestehende und weiterhin funktionsf\u00e4hige Anlagen \u2013  im Sinne eines Ressourcen schonenden Konzepts &#8211; nicht weiter betrieben  werden k\u00f6nnen (ggf. in anderer Tr\u00e4gerschaft), selbst wenn sie nicht mehr  aktuellen Effizienz- und F\u00f6rderkriterien entsprechen. <\/p>\n\n\n\n<p>Neue m\u00f6gliche Standorte m\u00fcssen unter den genannten \nKriterien sowie in transparenten Verfahren von Anfang an unter \nBeteiligung der B\u00fcrgerinnen und B\u00fcrger gepr\u00fcft werden.<\/p>\n","protected":false},"excerpt":{"rendered":"<p>Update: Die unten beschriebene Grundsatzdebatte unseres Ortsverbands fand im Juni 2019 statt. Inzwischen (Stand Juli 2022) ist in Syke das Verfahren zur Festlegung neuer Windkraftzonen in vollem Gang. Die \u00c4nderung [&hellip;]<\/p>\n","protected":false},"author":-1,"featured_media":46,"comment_status":"open","ping_status":"open","sticky":false,"template":"","format":"standard","meta":{"footnotes":""},"categories":[6],"tags":[24,25,23],"class_list":["post-45","post","type-post","status-publish","format-standard","has-post-thumbnail","hentry","category-standpunkte","tag-energie","tag-okel","tag-windkraft"],"_links":{"self":[{"href":"https:\/\/www.gruene-syke.de\/index.php?rest_route=\/wp\/v2\/posts\/45","targetHints":{"allow":["GET"]}}],"collection":[{"href":"https:\/\/www.gruene-syke.de\/index.php?rest_route=\/wp\/v2\/posts"}],"about":[{"href":"https:\/\/www.gruene-syke.de\/index.php?rest_route=\/wp\/v2\/types\/post"}],"author":[{"embeddable":true,"href":"https:\/\/www.gruene-syke.de\/index.php?rest_route=\/wp\/v2\/users\/2"}],"replies":[{"embeddable":true,"href":"https:\/\/www.gruene-syke.de\/index.php?rest_route=%2Fwp%2Fv2%2Fcomments&post=45"}],"version-history":[{"count":4,"href":"https:\/\/www.gruene-syke.de\/index.php?rest_route=\/wp\/v2\/posts\/45\/revisions"}],"predecessor-version":[{"id":2675,"href":"https:\/\/www.gruene-syke.de\/index.php?rest_route=\/wp\/v2\/posts\/45\/revisions\/2675"}],"wp:featuredmedia":[{"embeddable":true,"href":"https:\/\/www.gruene-syke.de\/index.php?rest_route=\/wp\/v2\/media\/46"}],"wp:attachment":[{"href":"https:\/\/www.gruene-syke.de\/index.php?rest_route=%2Fwp%2Fv2%2Fmedia&parent=45"}],"wp:term":[{"taxonomy":"category","embeddable":true,"href":"https:\/\/www.gruene-syke.de\/index.php?rest_route=%2Fwp%2Fv2%2Fcategories&post=45"},{"taxonomy":"post_tag","embeddable":true,"href":"https:\/\/www.gruene-syke.de\/index.php?rest_route=%2Fwp%2Fv2%2Ftags&post=45"}],"curies":[{"name":"wp","href":"https:\/\/api.w.org\/{rel}","templated":true}]}}