{"id":3719,"date":"2026-09-04T11:45:06","date_gmt":"2026-09-04T09:45:06","guid":{"rendered":"https:\/\/www.gruene-syke.de\/?p=3719"},"modified":"2026-09-04T11:45:57","modified_gmt":"2026-09-04T09:45:57","slug":"grossartiges-biotop-am-hallenbad","status":"publish","type":"post","link":"https:\/\/www.gruene-syke.de\/?p=3719","title":{"rendered":"Gro\u00dfartiges Biotop am Hallenbad"},"content":{"rendered":"\n<p class=\"wp-block-paragraph\">Der Syker Stadtrat hat vor der Sommerpause beschlossen, 350.000 \u20ac f\u00fcr eine Kompensationsfl\u00e4che f\u00fcrs Hallenbad-Areal in den Nachtragshaushalt 2026 einzustellen. Wie im Ausschuss betont wurde, ist damit aber noch nicht \u00fcber den eigentlichen Kauf der Kompensationsfl\u00e4che entschieden. Es bleibt abzuwarten, wie sich die neuen politischen Verantwortlichen nach der Kommunalwahl Anfang September dazu stellen.<\/p>\n\n\n\n<p class=\"wp-block-paragraph\">Die Wiese am Hallenbad Syke ist ein gesetzlich gesch\u00fctztes Biotop, in dem unz\u00e4hlige, teils sehr seltene Tiere leben. An manchen Tagen pulsiert das Leben dort f\u00f6rmlich &#8211; zahllose Insekten schirren dann dort herum. <a href=\"https:\/\/www.ipernity.com\/doc\/2788104\/album\/1390010?view=0\">In diesem Fotoalbum<\/a> ist eindrucksvoll sichtbar, warum die Fl\u00e4che nicht f\u00fcr ein weiteres bebautes Gebiet aufgegeben werden darf.<\/p>\n\n\n\n<p class=\"wp-block-paragraph\"><\/p>\n","protected":false},"excerpt":{"rendered":"<p>Der Syker Stadtrat hat vor der Sommerpause beschlossen, 350.000 \u20ac f\u00fcr eine Kompensationsfl\u00e4che f\u00fcrs Hallenbad-Areal in den Nachtragshaushalt 2026 einzustellen. Wie im Ausschuss betont wurde, ist damit aber noch nicht [&hellip;]<\/p>\n","protected":false},"author":-1,"featured_media":3721,"comment_status":"open","ping_status":"open","sticky":false,"template":"","format":"standard","meta":{"footnotes":""},"categories":[5,6],"tags":[125,62,22],"class_list":["post-3719","post","type-post","status-publish","format-standard","has-post-thumbnail","hentry","category-stadtrat","category-standpunkte","tag-stadtplanung","tag-stadtrat","tag-umweltschutz"],"_links":{"self":[{"href":"https:\/\/www.gruene-syke.de\/index.php?rest_route=\/wp\/v2\/posts\/3719","targetHints":{"allow":["GET"]}}],"collection":[{"href":"https:\/\/www.gruene-syke.de\/index.php?rest_route=\/wp\/v2\/posts"}],"about":[{"href":"https:\/\/www.gruene-syke.de\/index.php?rest_route=\/wp\/v2\/types\/post"}],"author":[{"embeddable":true,"href":"https:\/\/www.gruene-syke.de\/index.php?rest_route=\/wp\/v2\/users\/3"}],"replies":[{"embeddable":true,"href":"https:\/\/www.gruene-syke.de\/index.php?rest_route=%2Fwp%2Fv2%2Fcomments&post=3719"}],"version-history":[{"count":1,"href":"https:\/\/www.gruene-syke.de\/index.php?rest_route=\/wp\/v2\/posts\/3719\/revisions"}],"predecessor-version":[{"id":3720,"href":"https:\/\/www.gruene-syke.de\/index.php?rest_route=\/wp\/v2\/posts\/3719\/revisions\/3720"}],"wp:featuredmedia":[{"embeddable":true,"href":"https:\/\/www.gruene-syke.de\/index.php?rest_route=\/wp\/v2\/media\/3721"}],"wp:attachment":[{"href":"https:\/\/www.gruene-syke.de\/index.php?rest_route=%2Fwp%2Fv2%2Fmedia&parent=3719"}],"wp:term":[{"taxonomy":"category","embeddable":true,"href":"https:\/\/www.gruene-syke.de\/index.php?rest_route=%2Fwp%2Fv2%2Fcategories&post=3719"},{"taxonomy":"post_tag","embeddable":true,"href":"https:\/\/www.gruene-syke.de\/index.php?rest_route=%2Fwp%2Fv2%2Ftags&post=3719"}],"curies":[{"name":"wp","href":"https:\/\/api.w.org\/{rel}","templated":true}]}}