{"id":3159,"date":"2024-04-10T12:32:56","date_gmt":"2024-04-10T10:32:56","guid":{"rendered":"https:\/\/www.gruene-syke.de\/?p=3159"},"modified":"2024-04-10T12:34:17","modified_gmt":"2024-04-10T10:34:17","slug":"stadtradeln-2024","status":"publish","type":"post","link":"https:\/\/www.gruene-syke.de\/?p=3159","title":{"rendered":"Stadtradeln 2024"},"content":{"rendered":"\n<p>Schon bald geht es los: Am 8. Mai startet in Syke das Stadtradeln 2024.<\/p>\n\n\n\n<p>Dann wollen wir bis zum 28. Mai wieder m\u00f6glichst viele Radkilometer sammeln und noch mehr Menschen f\u00fcr diese klimafreundliche Form der Mobilit\u00e4t begeistern.<\/p>\n\n\n\n<p><a href=\"https:\/\/www.stadtradeln.de\/index.php?id=171&amp;L=0&amp;team_preselect=12543\" target=\"_blank\" rel=\"noreferrer noopener\">Hier<\/a> k\u00f6nnt ihr euch neu registrieren oder eure Registrierung aus den Vorjahren reaktivieren und euch dann unserem offenen Team \u201cDie Gr\u00fcnen Syke und Freund*innen\u201d anschlie\u00dfen. Wir freuen uns \u00fcber alle (auch Nicht-Mitglieder), die mit uns f\u00fcr die Verkehrswende radeln. Ladet gern auch weitere Menschen aus eurem Umfeld in unser Team ein.<\/p>\n\n\n\n<p>Nat\u00fcrlich gibt es auch eine <a href=\"https:\/\/www.stadtradeln.de\/app\" target=\"_blank\" rel=\"noreferrer noopener\">App zum Stadtradeln<\/a>. (Auch \u00fcber die g\u00e4ngigen Stores oder Shops auf dem Telefon).<\/p>\n\n\n\n<p><\/p>\n","protected":false},"excerpt":{"rendered":"<p>Schon bald geht es los: Am 8. Mai startet in Syke das Stadtradeln 2024. Dann wollen wir bis zum 28. Mai wieder m\u00f6glichst viele Radkilometer sammeln und noch mehr Menschen [&hellip;]<\/p>\n","protected":false},"author":-1,"featured_media":2896,"comment_status":"open","ping_status":"open","sticky":false,"template":"","format":"standard","meta":{"footnotes":""},"categories":[3,4],"tags":[26,57,64],"class_list":["post-3159","post","type-post","status-publish","format-standard","has-post-thumbnail","hentry","category-gruen-vor-ort","category-internes","tag-fahrrad","tag-klimaschutz","tag-stadtradeln"],"_links":{"self":[{"href":"https:\/\/www.gruene-syke.de\/index.php?rest_route=\/wp\/v2\/posts\/3159","targetHints":{"allow":["GET"]}}],"collection":[{"href":"https:\/\/www.gruene-syke.de\/index.php?rest_route=\/wp\/v2\/posts"}],"about":[{"href":"https:\/\/www.gruene-syke.de\/index.php?rest_route=\/wp\/v2\/types\/post"}],"author":[{"embeddable":true,"href":"https:\/\/www.gruene-syke.de\/index.php?rest_route=\/wp\/v2\/users\/9"}],"replies":[{"embeddable":true,"href":"https:\/\/www.gruene-syke.de\/index.php?rest_route=%2Fwp%2Fv2%2Fcomments&post=3159"}],"version-history":[{"count":1,"href":"https:\/\/www.gruene-syke.de\/index.php?rest_route=\/wp\/v2\/posts\/3159\/revisions"}],"predecessor-version":[{"id":3160,"href":"https:\/\/www.gruene-syke.de\/index.php?rest_route=\/wp\/v2\/posts\/3159\/revisions\/3160"}],"wp:featuredmedia":[{"embeddable":true,"href":"https:\/\/www.gruene-syke.de\/index.php?rest_route=\/wp\/v2\/media\/2896"}],"wp:attachment":[{"href":"https:\/\/www.gruene-syke.de\/index.php?rest_route=%2Fwp%2Fv2%2Fmedia&parent=3159"}],"wp:term":[{"taxonomy":"category","embeddable":true,"href":"https:\/\/www.gruene-syke.de\/index.php?rest_route=%2Fwp%2Fv2%2Fcategories&post=3159"},{"taxonomy":"post_tag","embeddable":true,"href":"https:\/\/www.gruene-syke.de\/index.php?rest_route=%2Fwp%2Fv2%2Ftags&post=3159"}],"curies":[{"name":"wp","href":"https:\/\/api.w.org\/{rel}","templated":true}]}}