{"id":278,"date":"2018-05-25T10:15:32","date_gmt":"2018-05-25T08:15:32","guid":{"rendered":"https:\/\/www.gruene-syke.de\/?p=278"},"modified":"2019-08-05T10:27:03","modified_gmt":"2019-08-05T08:27:03","slug":"keine-wohnbebauung-auf-kosten-des-artenschutzes","status":"publish","type":"post","link":"https:\/\/www.gruene-syke.de\/?p=278","title":{"rendered":"Keine Wohnbebauung auf Kosten des Artenschutzes!"},"content":{"rendered":"\n<p><strong>Die\nGr\u00fcnen in Syke stemmen sich gemeinsam mit Die Linke im Stadtrat\ngegen die Wohnbebauung eines wertvollen Biotops in Wachendorf! <\/strong>\n<\/p>\n\n\n\n<p>In\ndem Gebiet, das nach dem Willen der W\u00e4hlervereinigung Wachendorf,\ndes Ortsb\u00fcrgermeisters und der Syker Verwaltung k\u00fcnftig als\nm\u00f6gliche Baufl\u00e4che ausgewiesen werden soll, finden bedrohte\n&#8222;Rote-Liste-Arten&#8220; noch eine Heimat. Hier fliesst noch ein\nnaturnaher Bach, wachsen die bedrohten Walzenseggen, finden\nFlederm\u00e4use und Kr\u00f6ten und zahlreiche Vogelarten Unterschlupf. Wir\nk\u00fcndigten bereits im Bauausschuss unseren Widerstand an. M\u00f6gliche\nAlternativfl\u00e4chen wurden gar nicht erst \u00fcberpr\u00fcft! \n<\/p>\n\n\n\n<p><strong>Nun\nmachen wir Ernst: <\/strong>Wir\nhaben beim Landkreis Diepholz Fachaufsichtsbeschwerde gegen diese\nPlanungen eingereicht, das Vorhaben muss nun \u00fcberpr\u00fcft werden!\nTrotzdem wurde von allen anderen Parteien der Vorschlag der\nVerwaltung in einer Abstimmung im Stadtrat durchgewunken.<\/p>\n","protected":false},"excerpt":{"rendered":"<p>Die Gr\u00fcnen in Syke stemmen sich gemeinsam mit Die Linke im Stadtrat gegen die Wohnbebauung eines wertvollen Biotops in Wachendorf! In dem Gebiet, das nach dem Willen der W\u00e4hlervereinigung Wachendorf, [&hellip;]<\/p>\n","protected":false},"author":-1,"featured_media":0,"comment_status":"open","ping_status":"open","sticky":false,"template":"","format":"standard","meta":{"footnotes":""},"categories":[5],"tags":[22,29],"class_list":["post-278","post","type-post","status-publish","format-standard","hentry","category-stadtrat","tag-umweltschutz","tag-wachendorf"],"_links":{"self":[{"href":"https:\/\/www.gruene-syke.de\/index.php?rest_route=\/wp\/v2\/posts\/278","targetHints":{"allow":["GET"]}}],"collection":[{"href":"https:\/\/www.gruene-syke.de\/index.php?rest_route=\/wp\/v2\/posts"}],"about":[{"href":"https:\/\/www.gruene-syke.de\/index.php?rest_route=\/wp\/v2\/types\/post"}],"author":[{"embeddable":true,"href":"https:\/\/www.gruene-syke.de\/index.php?rest_route=\/wp\/v2\/users\/3"}],"replies":[{"embeddable":true,"href":"https:\/\/www.gruene-syke.de\/index.php?rest_route=%2Fwp%2Fv2%2Fcomments&post=278"}],"version-history":[{"count":1,"href":"https:\/\/www.gruene-syke.de\/index.php?rest_route=\/wp\/v2\/posts\/278\/revisions"}],"predecessor-version":[{"id":280,"href":"https:\/\/www.gruene-syke.de\/index.php?rest_route=\/wp\/v2\/posts\/278\/revisions\/280"}],"wp:attachment":[{"href":"https:\/\/www.gruene-syke.de\/index.php?rest_route=%2Fwp%2Fv2%2Fmedia&parent=278"}],"wp:term":[{"taxonomy":"category","embeddable":true,"href":"https:\/\/www.gruene-syke.de\/index.php?rest_route=%2Fwp%2Fv2%2Fcategories&post=278"},{"taxonomy":"post_tag","embeddable":true,"href":"https:\/\/www.gruene-syke.de\/index.php?rest_route=%2Fwp%2Fv2%2Ftags&post=278"}],"curies":[{"name":"wp","href":"https:\/\/api.w.org\/{rel}","templated":true}]}}