{"id":2772,"date":"2022-10-25T15:35:45","date_gmt":"2022-10-25T13:35:45","guid":{"rendered":"https:\/\/www.gruene-syke.de\/?p=2772"},"modified":"2022-10-25T15:35:47","modified_gmt":"2022-10-25T13:35:47","slug":"veranstaltungstipp","status":"publish","type":"post","link":"https:\/\/www.gruene-syke.de\/?p=2772","title":{"rendered":"Veranstaltungstipp:"},"content":{"rendered":"\n<p>Die Attac-Regionalgruppe Diepholz-Nord l\u00e4dt zu einer Veranstaltung mit der Wirtschaftsjournalistin Ulrike Herrmann ein, die gerade ein neues Buch \u00fcber die Unvereinbarkeit von Wachstum und Klimaschutz ver\u00f6ffentlicht hat.<\/p>\n\n\n\n<p><strong>Wann: <\/strong>3. November 2022, 19.30 Uhr<br><strong>Wo: <\/strong>Kulturforum der KGS Leeste, Schulstr. 20, 28844 Weyhe-Leeste<br>Eintritt frei, Spenden willkommen<\/p>\n\n\n\n<p>Hier geht es zur <a href=\"https:\/\/www.deutschlandfunk.de\/ulrike-herrmann-sieht-kapitalismus-am-ende-100.html\">Buchbesprechung beim Deutschlandfunk<\/a>.<\/p>\n","protected":false},"excerpt":{"rendered":"<p>Die Attac-Regionalgruppe Diepholz-Nord l\u00e4dt zu einer Veranstaltung mit der Wirtschaftsjournalistin Ulrike Herrmann ein, die gerade ein neues Buch \u00fcber die Unvereinbarkeit von Wachstum und Klimaschutz ver\u00f6ffentlicht hat. Wann: 3. November [&hellip;]<\/p>\n","protected":false},"author":-1,"featured_media":2771,"comment_status":"open","ping_status":"open","sticky":false,"template":"","format":"standard","meta":{"footnotes":""},"categories":[2],"tags":[57,32,108],"class_list":["post-2772","post","type-post","status-publish","format-standard","has-post-thumbnail","hentry","category-ankuendigungen","tag-klimaschutz","tag-klimawandel","tag-wachstumskritik"],"_links":{"self":[{"href":"https:\/\/www.gruene-syke.de\/index.php?rest_route=\/wp\/v2\/posts\/2772","targetHints":{"allow":["GET"]}}],"collection":[{"href":"https:\/\/www.gruene-syke.de\/index.php?rest_route=\/wp\/v2\/posts"}],"about":[{"href":"https:\/\/www.gruene-syke.de\/index.php?rest_route=\/wp\/v2\/types\/post"}],"author":[{"embeddable":true,"href":"https:\/\/www.gruene-syke.de\/index.php?rest_route=\/wp\/v2\/users\/9"}],"replies":[{"embeddable":true,"href":"https:\/\/www.gruene-syke.de\/index.php?rest_route=%2Fwp%2Fv2%2Fcomments&post=2772"}],"version-history":[{"count":3,"href":"https:\/\/www.gruene-syke.de\/index.php?rest_route=\/wp\/v2\/posts\/2772\/revisions"}],"predecessor-version":[{"id":2775,"href":"https:\/\/www.gruene-syke.de\/index.php?rest_route=\/wp\/v2\/posts\/2772\/revisions\/2775"}],"wp:featuredmedia":[{"embeddable":true,"href":"https:\/\/www.gruene-syke.de\/index.php?rest_route=\/wp\/v2\/media\/2771"}],"wp:attachment":[{"href":"https:\/\/www.gruene-syke.de\/index.php?rest_route=%2Fwp%2Fv2%2Fmedia&parent=2772"}],"wp:term":[{"taxonomy":"category","embeddable":true,"href":"https:\/\/www.gruene-syke.de\/index.php?rest_route=%2Fwp%2Fv2%2Fcategories&post=2772"},{"taxonomy":"post_tag","embeddable":true,"href":"https:\/\/www.gruene-syke.de\/index.php?rest_route=%2Fwp%2Fv2%2Ftags&post=2772"}],"curies":[{"name":"wp","href":"https:\/\/api.w.org\/{rel}","templated":true}]}}