{"id":2758,"date":"2022-10-10T14:30:00","date_gmt":"2022-10-10T12:30:00","guid":{"rendered":"https:\/\/www.gruene-syke.de\/?p=2758"},"modified":"2022-10-11T14:19:37","modified_gmt":"2022-10-11T12:19:37","slug":"kinotipp-die-pfefferkoerner-und-der-schatz-der-tiefsee","status":"publish","type":"post","link":"https:\/\/www.gruene-syke.de\/?p=2758","title":{"rendered":"Kinotipp: Die Pfefferk\u00f6rner und der Schatz der Tiefsee"},"content":{"rendered":"\n<h3 class=\"wp-block-heading\">Im Rahmen des Syker Herbst-Ferienspa\u00dfes laden die Syker Gr\u00fcnen ein zum Film:<\/h3>\n\n\n\n<p><a><strong>Die Pfefferk\u00f6rner <\/strong><\/a><strong>und der Schatz der Tiefsee<\/strong><\/p>\n\n\n\n<p><strong>Dienstag, 18.10., 16:00 im Hansa-Kino<\/strong><\/p>\n\n\n\n<p><strong>Eintritt: 5,- EUR. F\u00fcr Kinder (ab 6 J.) ist der Eintritt frei!<\/strong><\/p>\n\n\n\n<p>Anmeldungen bitte bei Gerhard Thiel: Mobil unter 0170 8064506 oder E-Mail an gthiel.sy@gmail.com<\/p>\n\n\n\n<p><\/p>\n\n\n\n<p>Ein neuer Kriminalfall f\u00fcr die Pfefferk\u00f6rner: Die Nachwuchsdetektive Alice und Tarun m\u00fcssen diesesmal eine verschwundene Meeresforscherin aufsp\u00fcren.<\/p>\n\n\n\n<p>\u201eDie 12-j\u00e4hrige Alice (Emily Flint) freut sich riesig auf die Sommerferien, denn dieses Jahr f\u00e4hrt sie zu ihrem Freund Tarun (Caspar Fischer-Ortmann) nach Nordirland. Doch statt entspannter Ferienzeit erwartet sie hier ein neuer Fall: Taruns Mutter Jaswinder (Meriam Abbas) ist Meeresbiologin und wird auf ihrer Forschungsstation \u00fcberfallen. Aktuell arbeitet sie an einer L\u00f6sung, die Meere vom M\u00fcll zu befreien, aber noch ist das Projekt streng geheim.<\/p>\n\n\n\n<p>Zur\u00fcck in Deutschland kommt es zu einer merkw\u00fcrdigen Begegnung mit dem Recycling-Unternehmer Robert Fleckmann (Heino Ferch), und letztendlich verschwindet Jaswinda spurlos von ihrem Forschungsschiff. Wie Alice, Tarun und die Geschwister Johnny (Leander P\u00fctz)&nbsp; und Clarissa (Charlotte Martz) herausfinden, sind auch die ortsans\u00e4ssigen Fischer nicht gut auf Jaswinda zu sprechen. Was hat sie den Kindern verschwiegen? Wer spielt hier wirklich falsch?\u201c (kino.de)<\/p>\n\n\n\n<p>Original-Titel: Die Pfefferk\u00f6rner und der Schatz der Tiefsee<\/p>\n\n\n\n<p>Land und Jahr: Deutschland 2020<\/p>\n\n\n\n<p>Regie: Christian Theede<\/p>\n\n\n\n<p>Drehbuch: Dirk Ahner<\/p>\n\n\n\n<p>L\u00e4nge: 94 Min.<\/p>\n\n\n\n<p>Altersfreigabe FSK: 6 Jahre<\/p>\n","protected":false},"excerpt":{"rendered":"<p>Im Rahmen des Syker Herbst-Ferienspa\u00dfes laden die Syker Gr\u00fcnen ein zum Film: Die Pfefferk\u00f6rner und der Schatz der Tiefsee Dienstag, 18.10., 16:00 im Hansa-Kino Eintritt: 5,- EUR. F\u00fcr Kinder (ab [&hellip;]<\/p>\n","protected":false},"author":-1,"featured_media":2757,"comment_status":"open","ping_status":"open","sticky":false,"template":"","format":"standard","meta":{"footnotes":""},"categories":[2,3],"tags":[63,106,22],"class_list":["post-2758","post","type-post","status-publish","format-standard","has-post-thumbnail","hentry","category-ankuendigungen","category-gruen-vor-ort","tag-ferienspass","tag-kino","tag-umweltschutz"],"_links":{"self":[{"href":"https:\/\/www.gruene-syke.de\/index.php?rest_route=\/wp\/v2\/posts\/2758","targetHints":{"allow":["GET"]}}],"collection":[{"href":"https:\/\/www.gruene-syke.de\/index.php?rest_route=\/wp\/v2\/posts"}],"about":[{"href":"https:\/\/www.gruene-syke.de\/index.php?rest_route=\/wp\/v2\/types\/post"}],"author":[{"embeddable":true,"href":"https:\/\/www.gruene-syke.de\/index.php?rest_route=\/wp\/v2\/users\/9"}],"replies":[{"embeddable":true,"href":"https:\/\/www.gruene-syke.de\/index.php?rest_route=%2Fwp%2Fv2%2Fcomments&post=2758"}],"version-history":[{"count":6,"href":"https:\/\/www.gruene-syke.de\/index.php?rest_route=\/wp\/v2\/posts\/2758\/revisions"}],"predecessor-version":[{"id":2767,"href":"https:\/\/www.gruene-syke.de\/index.php?rest_route=\/wp\/v2\/posts\/2758\/revisions\/2767"}],"wp:featuredmedia":[{"embeddable":true,"href":"https:\/\/www.gruene-syke.de\/index.php?rest_route=\/wp\/v2\/media\/2757"}],"wp:attachment":[{"href":"https:\/\/www.gruene-syke.de\/index.php?rest_route=%2Fwp%2Fv2%2Fmedia&parent=2758"}],"wp:term":[{"taxonomy":"category","embeddable":true,"href":"https:\/\/www.gruene-syke.de\/index.php?rest_route=%2Fwp%2Fv2%2Fcategories&post=2758"},{"taxonomy":"post_tag","embeddable":true,"href":"https:\/\/www.gruene-syke.de\/index.php?rest_route=%2Fwp%2Fv2%2Ftags&post=2758"}],"curies":[{"name":"wp","href":"https:\/\/api.w.org\/{rel}","templated":true}]}}