{"id":1232,"date":"2021-03-31T18:28:28","date_gmt":"2021-03-31T16:28:28","guid":{"rendered":"https:\/\/www.gruene-syke.de\/?p=1232"},"modified":"2021-03-31T20:29:19","modified_gmt":"2021-03-31T18:29:19","slug":"gruene-jugend-aktiv-fuer-den-klimaschutz","status":"publish","type":"post","link":"https:\/\/www.gruene-syke.de\/?p=1232","title":{"rendered":"Gr\u00fcne Jugend: Aktiv f\u00fcr den Klimaschutz"},"content":{"rendered":"\n<p class=\"has-medium-font-size\">Wohnt ihr in der Region rund um Syke, Stuhr oder Weyhe und seid interessiert daran, mehr \u00fcber Klimaschutz zu erfahren, um gemeinsam mit anderen aktiv zu werden?<\/p>\n\n\n\n<p class=\"has-medium-font-size\">Dann seid dabei \u2013 Dienstag (06.04.21) um 20:00 Uhr auf Zoom:<\/p>\n\n\n\n<figure class=\"wp-block-image size-large\"><img loading=\"lazy\" decoding=\"async\" width=\"800\" height=\"800\" src=\"https:\/\/www.gruene-syke.de\/wp-content\/uploads\/2021\/03\/image-202103301819-800x800.jpeg\" alt=\"\" class=\"wp-image-1230\" srcset=\"https:\/\/www.gruene-syke.de\/wp-content\/uploads\/2021\/03\/image-202103301819-800x800.jpeg 800w, https:\/\/www.gruene-syke.de\/wp-content\/uploads\/2021\/03\/image-202103301819-400x400.jpeg 400w, https:\/\/www.gruene-syke.de\/wp-content\/uploads\/2021\/03\/image-202103301819-150x150.jpeg 150w, https:\/\/www.gruene-syke.de\/wp-content\/uploads\/2021\/03\/image-202103301819-768x768.jpeg 768w, https:\/\/www.gruene-syke.de\/wp-content\/uploads\/2021\/03\/image-202103301819.jpeg 1080w\" sizes=\"auto, (max-width: 800px) 100vw, 800px\" \/><\/figure>\n\n\n\n<p>Zun\u00e4chst wird die Spitzenkandidatin der GR\u00dcNEN JUGEND Niedersachsen f\u00fcr die Bundestagswahl <a href=\"https:\/\/gj-nds.de\/votentraegerin\/\" target=\"_blank\" rel=\"noreferrer noopener\">Karo Otte<\/a> einen Input zu kommunalem Klimaschutz geben.<\/p>\n\n\n\n<p>Danach erz\u00e4hlt euch Felix H\u00f6tker aus dem Landesvorstand, wer die GR\u00dcNE JUGEND ist, was sie macht und wie man selbst Teil werden kann, um sich mich anderen zu vernetzen, gemeinsam Aktionen zu planen und zu unterst\u00fctzen. (Syke hat \u00fcbrigens schon eine Ortsgruppe der Gr\u00fcnen Jugend, die u.a. auf <a href=\"https:\/\/www.instagram.com\/gruene_jugend_syke\/\" target=\"_blank\" rel=\"noreferrer noopener\">Instagram <\/a>pr\u00e4sent ist.) Wenn es euch gef\u00e4llt, wollen wir dieses Treffen gerne mit anderen Referent*innen und euren Ideen zu anderen Themen wiederholen. Die Reihenfolge und genaue Gestaltung k\u00f6nnen wir gerne gemeinsam am Dienstag besprechen.<\/p>\n\n\n\n<p>Falls ihr Lust zu einem ersten Kennenlernen habt, meldet euch unter <a rel=\"noreferrer noopener\" href=\"https:\/\/uni-goettingen.zoom.us\/meeting\/register\/tJIqdeivpj0jG9PhAR1KErx7EVP97f_gibIa\" target=\"_blank\">diesem Link <\/a>an, damit wir euch die Zugangsdaten schicken k\u00f6nnen.<\/p>\n\n\n\n<p>Wenn ihr erst kurzfristig w\u00e4hrend der laufenden Veranstaltung dazukommen wollt, kann es sein, dass das Beantworten eurer Anfrage kurz dauert. Meldet euch also besser direkt jetzt an, damit wir euch die Zugangsdaten rechtzeitig schicken k\u00f6nnen und ihr nichts verpasst, sobald ihr euch einw\u00e4hlen wollt.<\/p>\n","protected":false},"excerpt":{"rendered":"<p>Wohnt ihr in der Region rund um Syke, Stuhr oder Weyhe und seid interessiert daran, mehr \u00fcber Klimaschutz zu erfahren, um gemeinsam mit anderen aktiv zu werden? Dann seid dabei [&hellip;]<\/p>\n","protected":false},"author":-1,"featured_media":1234,"comment_status":"open","ping_status":"open","sticky":false,"template":"","format":"standard","meta":{"footnotes":""},"categories":[3,44],"tags":[57],"class_list":["post-1232","post","type-post","status-publish","format-standard","has-post-thumbnail","hentry","category-gruen-vor-ort","category-gruene-jugend","tag-klimaschutz"],"_links":{"self":[{"href":"https:\/\/www.gruene-syke.de\/index.php?rest_route=\/wp\/v2\/posts\/1232","targetHints":{"allow":["GET"]}}],"collection":[{"href":"https:\/\/www.gruene-syke.de\/index.php?rest_route=\/wp\/v2\/posts"}],"about":[{"href":"https:\/\/www.gruene-syke.de\/index.php?rest_route=\/wp\/v2\/types\/post"}],"author":[{"embeddable":true,"href":"https:\/\/www.gruene-syke.de\/index.php?rest_route=\/wp\/v2\/users\/9"}],"replies":[{"embeddable":true,"href":"https:\/\/www.gruene-syke.de\/index.php?rest_route=%2Fwp%2Fv2%2Fcomments&post=1232"}],"version-history":[{"count":4,"href":"https:\/\/www.gruene-syke.de\/index.php?rest_route=\/wp\/v2\/posts\/1232\/revisions"}],"predecessor-version":[{"id":1238,"href":"https:\/\/www.gruene-syke.de\/index.php?rest_route=\/wp\/v2\/posts\/1232\/revisions\/1238"}],"wp:featuredmedia":[{"embeddable":true,"href":"https:\/\/www.gruene-syke.de\/index.php?rest_route=\/wp\/v2\/media\/1234"}],"wp:attachment":[{"href":"https:\/\/www.gruene-syke.de\/index.php?rest_route=%2Fwp%2Fv2%2Fmedia&parent=1232"}],"wp:term":[{"taxonomy":"category","embeddable":true,"href":"https:\/\/www.gruene-syke.de\/index.php?rest_route=%2Fwp%2Fv2%2Fcategories&post=1232"},{"taxonomy":"post_tag","embeddable":true,"href":"https:\/\/www.gruene-syke.de\/index.php?rest_route=%2Fwp%2Fv2%2Ftags&post=1232"}],"curies":[{"name":"wp","href":"https:\/\/api.w.org\/{rel}","templated":true}]}}