{"id":1053,"date":"2020-12-08T15:13:54","date_gmt":"2020-12-08T14:13:54","guid":{"rendered":"https:\/\/www.gruene-syke.de\/?p=1053"},"modified":"2020-12-17T08:36:55","modified_gmt":"2020-12-17T07:36:55","slug":"mehr-klimaschutz-fuer-syke","status":"publish","type":"post","link":"https:\/\/www.gruene-syke.de\/?p=1053","title":{"rendered":"Mehr Klimaschutz f\u00fcr Syke"},"content":{"rendered":"\n<h4 class=\"wp-block-heading\">Neuer Antrag der Gr\u00fcnen Fraktion<\/h4>\n\n\n\n<p>Unter dem Titel &#8222;Syke \u2013 ein Weg zu mehr Klimaschutz&#8220; hat die Fraktion der Gr\u00fcnen einen umfassenden Antrag an den Stadtrat gestellt. Er besteht aus insgesamt 42 Einzelantr\u00e4gen f\u00fcr wirksamen Klima- und Umweltschutz.<\/p>\n\n\n\n<p>Da die Tagesordnung der Ratssitzung im Dezember schon hoffnungslos \u00fcberfrachtet ist, kommt der Antrag voraussichtlich zum Jahresanfang in die n\u00e4chste Ratssitzung, um anschlie\u00dfend in den entsprechenden Aussch\u00fcssen beraten zu werden.<\/p>\n\n\n\n<p>Zur Vorgeschichte: In der letzten Ratssitzung des Jahres 2019 hatte der Rat der Stadt Syke einstimmig beschlossen, es solle &#8222;im Jahr 2020 ein Klimaschutzkonzept mit den Mitgliedern des Rates, B\u00fcrgerinnen und B\u00fcrgern sowie Mitarbeiterinnen und Mitarbeitern der Verwaltung f\u00fcr die Stadt Syke erstellt und Klimaschutzziele festgelegt werden.&#8220; Auf Nachfragen in den letzten Monaten konnten sich Vertreter der Stadt aber zuerst nicht mehr an dieses Vorhaben erinnern und erkl\u00e4rten sp\u00e4ter, es sei aus Zeit- und Personalmangel noch nichts passiert.<\/p>\n\n\n\n<p>Um den Prozess endlich in Gang zu bringen, hat die Gr\u00fcne Fraktion nun ein B\u00fcndel von Einzelvorschl\u00e4gen f\u00fcr ambitionierte Klimaschutzma\u00dfnahmen erarbeitet. Diese k\u00f6nnen als Basis zur Erarbeitung des l\u00e4ngst \u00fcberf\u00e4lligen Konzepts dienen. So kann die Stadt Syke vorleben, wie sich Klimaschutz auf kommunaler Ebene erfolgreich gestalten l\u00e4sst, um damit ihrer Mitverantwortung f\u00fcr das Erreichen der Klimaziele gerecht zu werden und auch ihren B\u00fcrger*innen eine lebenswerte Zukunft zu sichern.<\/p>\n\n\n\n<p>Die Vorschl\u00e4ge zielen auf eine schnelle, grundlegende und sozial gerechte Umsteuerung und Ver\u00e4nderung unserer Lebensweise ab und decken viele Teilbereiche des \u00f6ffentlichen und privaten Lebens ab: Konsumverhalten, wirtschaftliche Produktionsweise, Arbeit und Besch\u00e4ftigung, Energieerzeugung, Mobilit\u00e4t, Wohn- und Arbeitsgeb\u00e4ude etc.<\/p>\n\n\n\n<p>Den gesamten Antrag gibt es <a rel=\"noreferrer noopener\" href=\"https:\/\/www.gruene-syke.de\/wp-content\/uploads\/2020\/12\/Klimaschutz-Antrag.pdf\" target=\"_blank\">hier (als PDF-Download &#8211; 804 KB<\/a>).<\/p>\n\n\n\n<p>Wir w\u00fcrden uns freuen, wenn m\u00f6glichst viele Akteur*innen und B\u00fcrger*innen vor Ort diesen Weg zu mehr Klimaschutz f\u00fcr Syke mitgehen und aktiv mitgestalten.<\/p>\n","protected":false},"excerpt":{"rendered":"<p>Neuer Antrag der Gr\u00fcnen Fraktion Unter dem Titel &#8222;Syke \u2013 ein Weg zu mehr Klimaschutz&#8220; hat die Fraktion der Gr\u00fcnen einen umfassenden Antrag an den Stadtrat gestellt. Er besteht aus [&hellip;]<\/p>\n","protected":false},"author":-1,"featured_media":1052,"comment_status":"open","ping_status":"open","sticky":false,"template":"","format":"standard","meta":{"footnotes":""},"categories":[2,3,5],"tags":[57,32],"class_list":["post-1053","post","type-post","status-publish","format-standard","has-post-thumbnail","hentry","category-ankuendigungen","category-gruen-vor-ort","category-stadtrat","tag-klimaschutz","tag-klimawandel"],"_links":{"self":[{"href":"https:\/\/www.gruene-syke.de\/index.php?rest_route=\/wp\/v2\/posts\/1053","targetHints":{"allow":["GET"]}}],"collection":[{"href":"https:\/\/www.gruene-syke.de\/index.php?rest_route=\/wp\/v2\/posts"}],"about":[{"href":"https:\/\/www.gruene-syke.de\/index.php?rest_route=\/wp\/v2\/types\/post"}],"author":[{"embeddable":true,"href":"https:\/\/www.gruene-syke.de\/index.php?rest_route=\/wp\/v2\/users\/9"}],"replies":[{"embeddable":true,"href":"https:\/\/www.gruene-syke.de\/index.php?rest_route=%2Fwp%2Fv2%2Fcomments&post=1053"}],"version-history":[{"count":10,"href":"https:\/\/www.gruene-syke.de\/index.php?rest_route=\/wp\/v2\/posts\/1053\/revisions"}],"predecessor-version":[{"id":1070,"href":"https:\/\/www.gruene-syke.de\/index.php?rest_route=\/wp\/v2\/posts\/1053\/revisions\/1070"}],"wp:featuredmedia":[{"embeddable":true,"href":"https:\/\/www.gruene-syke.de\/index.php?rest_route=\/wp\/v2\/media\/1052"}],"wp:attachment":[{"href":"https:\/\/www.gruene-syke.de\/index.php?rest_route=%2Fwp%2Fv2%2Fmedia&parent=1053"}],"wp:term":[{"taxonomy":"category","embeddable":true,"href":"https:\/\/www.gruene-syke.de\/index.php?rest_route=%2Fwp%2Fv2%2Fcategories&post=1053"},{"taxonomy":"post_tag","embeddable":true,"href":"https:\/\/www.gruene-syke.de\/index.php?rest_route=%2Fwp%2Fv2%2Ftags&post=1053"}],"curies":[{"name":"wp","href":"https:\/\/api.w.org\/{rel}","templated":true}]}}